{"id":176,"date":"2025-08-18T18:21:12","date_gmt":"2025-08-18T21:21:12","guid":{"rendered":"https:\/\/fecoominerpara.org\/?p=176"},"modified":"2025-10-22T19:20:56","modified_gmt":"2025-10-22T22:20:56","slug":"recuperacao-de-areas-degradadas-retornando-ao-verde","status":"publish","type":"post","link":"https:\/\/fecoominerpara.org\/?p=176","title":{"rendered":"Recupera\u00e7\u00e3o de \u00e1reas degradadas: retornando ao verde"},"content":{"rendered":"\n[et_pb_section fb_built=&#8221;1&#8243; _builder_version=&#8221;4.27.4&#8243; _module_preset=&#8221;default&#8221; background_color=&#8221;gcid-a93f2103-1d8b-43bb-b21d-81d84bba8b15&#8243; custom_padding=&#8221;0px||||false|false&#8221; border_radii=&#8221;on|3vw|3vw|3vw|3vw&#8221; global_colors_info=&#8221;{%22gcid-a93f2103-1d8b-43bb-b21d-81d84bba8b15%22:%91%22background_color%22%93}&#8221; theme_builder_area=&#8221;post_content&#8221;][et_pb_row _builder_version=&#8221;4.27.4&#8243; _module_preset=&#8221;default&#8221; max_width=&#8221;1080px&#8221; global_colors_info=&#8221;{}&#8221; theme_builder_area=&#8221;post_content&#8221;][et_pb_column type=&#8221;4_4&#8243; _builder_version=&#8221;4.27.4&#8243; _module_preset=&#8221;default&#8221; global_colors_info=&#8221;{}&#8221; theme_builder_area=&#8221;post_content&#8221;][et_pb_post_title author=&#8221;off&#8221; date_format=&#8221;j\/m\/y &#8211; H:t&#8221; comments=&#8221;off&#8221; featured_image=&#8221;off&#8221; _builder_version=&#8221;4.27.4&#8243; _module_preset=&#8221;default&#8221; global_colors_info=&#8221;{}&#8221; theme_builder_area=&#8221;post_content&#8221;][\/et_pb_post_title][et_pb_text _builder_version=&#8221;4.27.4&#8243; _module_preset=&#8221;default&#8221; header_5_font=&#8221;|300|||||||&#8221; header_5_text_color=&#8221;#3A6351&#8243; hover_enabled=&#8221;0&#8243; global_colors_info=&#8221;{}&#8221; theme_builder_area=&#8221;post_content&#8221; sticky_enabled=&#8221;0&#8243;]<h5>Reflorestamento e Agrofloresta: trazendo a biodiversidade de volta ao solo degradado.\u00a0<\/h5>[\/et_pb_text][\/et_pb_column][\/et_pb_row][et_pb_row _builder_version=&#8221;4.27.4&#8243; _module_preset=&#8221;default&#8221; global_colors_info=&#8221;{}&#8221; width__hover_enabled=&#8221;off|desktop&#8221; theme_builder_area=&#8221;post_content&#8221;][et_pb_column type=&#8221;4_4&#8243; _builder_version=&#8221;4.27.4&#8243; _module_preset=&#8221;default&#8221; global_colors_info=&#8221;{}&#8221; theme_builder_area=&#8221;post_content&#8221;][et_pb_post_title title=&#8221;off&#8221; meta=&#8221;off&#8221; date_format=&#8221;j\/m\/y &#8211; H:t&#8221; _builder_version=&#8221;4.27.4&#8243; _module_preset=&#8221;default&#8221; border_radii=&#8221;on|3vw|3vw|3vw|3vw&#8221; global_colors_info=&#8221;{}&#8221; theme_builder_area=&#8221;post_content&#8221;][\/et_pb_post_title][\/et_pb_column][\/et_pb_row][et_pb_row _builder_version=&#8221;4.27.4&#8243; _module_preset=&#8221;default&#8221; max_width=&#8221;1080px&#8221; global_colors_info=&#8221;{}&#8221; theme_builder_area=&#8221;post_content&#8221;][et_pb_column type=&#8221;4_4&#8243; _builder_version=&#8221;4.27.4&#8243; _module_preset=&#8221;default&#8221; global_colors_info=&#8221;{}&#8221; theme_builder_area=&#8221;post_content&#8221;][et_pb_text _builder_version=&#8221;4.27.4&#8243; _module_preset=&#8221;default&#8221; hover_enabled=&#8221;0&#8243; global_colors_info=&#8221;{}&#8221; theme_builder_area=&#8221;post_content&#8221; sticky_enabled=&#8221;0&#8243;]<p data-start=\"410\" data-end=\"931\">A minera\u00e7\u00e3o, por natureza, modifica profundamente a paisagem. O processo de extra\u00e7\u00e3o envolve a retirada de grandes volumes de solo e vegeta\u00e7\u00e3o, al\u00e9m da constru\u00e7\u00e3o de estruturas como cavas, barragens e pilhas de rejeitos. Isso gera <strong data-start=\"641\" data-end=\"661\">\u00e1reas degradadas<\/strong>, que perdem sua capacidade de regenera\u00e7\u00e3o natural. No entanto, a legisla\u00e7\u00e3o brasileira e os princ\u00edpios de sustentabilidade exigem que essas \u00e1reas sejam recuperadas, devolvendo o uso do solo \u00e0 sociedade e, sempre que poss\u00edvel, restabelecendo a biodiversidade original.<\/p>\n<p data-start=\"933\" data-end=\"1367\">De acordo com o <a data-start=\"949\" data-end=\"1015\" class=\"cursor-pointer\" rel=\"noopener\" target=\"_new\">Instituto Brasileiro de Minera\u00e7\u00e3o (IBRAM)<\/a>, a <strong data-start=\"1019\" data-end=\"1044\">recupera\u00e7\u00e3o ambiental<\/strong> \u00e9 hoje um dos compromissos centrais do setor mineral. Muitas mineradoras t\u00eam desenvolvido projetos que v\u00e3o al\u00e9m da obriga\u00e7\u00e3o legal, criando iniciativas de reflorestamento, agroflorestas e monitoramento da fauna. Isso demonstra que \u00e9 poss\u00edvel transformar antigos passivos ambientais em \u00e1reas produtivas ou de conserva\u00e7\u00e3o.<\/p>\n<p data-start=\"933\" data-end=\"1367\">\n<h4 data-start=\"1374\" data-end=\"1413\">T\u00e9cnicas de recupera\u00e7\u00e3o ambiental<\/h4>\n<p data-start=\"1414\" data-end=\"1609\">A recupera\u00e7\u00e3o de \u00e1reas mineradas pode seguir diferentes caminhos, de acordo com as caracter\u00edsticas da regi\u00e3o e os objetivos sociais e ambientais do projeto. Entre as principais t\u00e9cnicas, est\u00e3o:<\/p>\n<p data-start=\"1414\" data-end=\"1609\">\n<ul>\n<li data-start=\"1614\" data-end=\"1861\"><strong data-start=\"1614\" data-end=\"1655\">Reflorestamento com esp\u00e9cies nativas:<\/strong><br data-start=\"1655\" data-end=\"1658\" \/>Ap\u00f3s a minera\u00e7\u00e3o, o solo degradado \u00e9 preparado e recebe mudas de \u00e1rvores nativas da regi\u00e3o. O uso dessas esp\u00e9cies favorece a volta da biodiversidade, pois atrai animais e restabelece o ciclo ecol\u00f3gico.<\/li>\n<li data-start=\"1866\" data-end=\"2145\"><strong data-start=\"1866\" data-end=\"1884\">Agroflorestas:<\/strong><br data-start=\"1884\" data-end=\"1887\" \/>Em alguns casos, as \u00e1reas recuperadas passam a abrigar sistemas agroflorestais, que combinam \u00e1rvores nativas com esp\u00e9cies agr\u00edcolas. Essa pr\u00e1tica gera renda para comunidades locais, promove seguran\u00e7a alimentar e contribui para a fixa\u00e7\u00e3o de carbono no solo.<\/li>\n<li data-start=\"2150\" data-end=\"2381\"><strong data-start=\"2150\" data-end=\"2194\">Banco de sementes e regenera\u00e7\u00e3o natural:<\/strong><br data-start=\"2194\" data-end=\"2197\" \/>T\u00e9cnicas como a cria\u00e7\u00e3o de bancos de sementes ou a prote\u00e7\u00e3o de \u00e1reas para regenera\u00e7\u00e3o natural permitem que a pr\u00f3pria natureza recupere parte da vegeta\u00e7\u00e3o, com monitoramento cont\u00ednuo.<\/li>\n<li data-start=\"2386\" data-end=\"2575\"><strong data-start=\"2386\" data-end=\"2411\">Reabilita\u00e7\u00e3o do solo:<\/strong><br data-start=\"2411\" data-end=\"2414\" \/>Antes de plantar, \u00e9 comum aplicar corre\u00e7\u00f5es no solo, como calc\u00e1rio e adubos org\u00e2nicos, para melhorar a fertilidade e possibilitar o desenvolvimento de plantas.<\/li>\n<\/ul>\n<h4 data-start=\"2582\" data-end=\"2606\"><\/h4>\n<h4 data-start=\"2582\" data-end=\"2606\">Exemplos no Brasil<\/h4>\n<p data-start=\"2607\" data-end=\"3112\">Um caso de destaque \u00e9 o da <strong data-start=\"2634\" data-end=\"2676\">Companhia Brasileira de Alum\u00ednio (CBA)<\/strong>, que mant\u00e9m um programa de recupera\u00e7\u00e3o ambiental em Minas Gerais. A empresa investe em reflorestamento da <strong data-start=\"2783\" data-end=\"2801\">Mata Atl\u00e2ntica<\/strong> e em pr\u00e1ticas de recupera\u00e7\u00e3o de solo para agricultura, al\u00e9m de monitorar aves dispersoras de sementes e esp\u00e9cies regenerantes, que indicam a volta da biodiversidade. O projeto tamb\u00e9m apoia agricultores familiares que utilizam \u00e1reas reabilitadas para produ\u00e7\u00e3o sustent\u00e1vel (<a data-start=\"3074\" data-end=\"3108\" class=\"cursor-pointer\" rel=\"noopener\" target=\"_new\">CBA\/IBRAM<\/a>).<\/p>\n<p data-start=\"3114\" data-end=\"3501\">Outro exemplo \u00e9 o da <strong data-start=\"3135\" data-end=\"3143\">Vale<\/strong>, que tem a meta de recuperar <strong data-start=\"3173\" data-end=\"3202\">500 mil hectares at\u00e9 2030<\/strong>, sendo <strong data-start=\"3210\" data-end=\"3250\">100 mil hectares de \u00e1reas degradadas<\/strong>. Parte desse trabalho \u00e9 feita por meio de sistemas agroflorestais e programas de sequestro de carbono, em parceria com comunidades locais e organiza\u00e7\u00f5es ambientais (<a data-start=\"3416\" data-end=\"3497\" class=\"cursor-pointer\" rel=\"noopener\" target=\"_new\">Minax \u2013 Minera\u00e7\u00e3o Sustent\u00e1vel<\/a>).<\/p>\n<p data-start=\"3503\" data-end=\"3684\">Al\u00e9m disso, empresas como <strong data-start=\"3529\" data-end=\"3554\">Alcoa, Kinross e Nexa<\/strong> mant\u00eam reservas naturais e participam de projetos de conserva\u00e7\u00e3o, integrando a recupera\u00e7\u00e3o ambiental \u00e0s estrat\u00e9gias de <strong data-start=\"3674\" data-end=\"3681\">ESG<\/strong>.<\/p>\n<p data-start=\"3503\" data-end=\"3684\">\n<h4 data-start=\"3691\" data-end=\"3728\">Monitoramento da biodiversidade<\/h4>\n<p data-start=\"3729\" data-end=\"4028\">N\u00e3o basta plantar \u00e1rvores: \u00e9 preciso garantir que os ecossistemas voltem a funcionar. Por isso, a recupera\u00e7\u00e3o ambiental inclui o <strong data-start=\"3858\" data-end=\"3892\">monitoramento da fauna e flora<\/strong>. A presen\u00e7a de esp\u00e9cies como p\u00e1ssaros, insetos polinizadores e pequenos mam\u00edferos \u00e9 um sinal de que a biodiversidade est\u00e1 retornando.<\/p>\n<p data-start=\"4030\" data-end=\"4285\">Alguns projetos utilizam drones e imagens de sat\u00e9lite para acompanhar o crescimento das florestas e avaliar se as esp\u00e9cies introduzidas est\u00e3o prosperando. Esse tipo de monitoramento d\u00e1 maior transpar\u00eancia ao processo e permite ajustes quando necess\u00e1rio.<\/p>\n<p data-start=\"4030\" data-end=\"4285\">\n<h4 data-start=\"4292\" data-end=\"4329\">Benef\u00edcios sociais e ambientais<\/h4>\n<p data-start=\"4330\" data-end=\"4405\">A recupera\u00e7\u00e3o de \u00e1reas mineradas traz benef\u00edcios em diferentes dimens\u00f5es:<\/p>\n<ul data-start=\"4406\" data-end=\"4799\">\n<li data-start=\"4406\" data-end=\"4541\">\n<p data-start=\"4408\" data-end=\"4541\"><strong data-start=\"4408\" data-end=\"4423\">Ambientais:<\/strong> restaura a cobertura vegetal, protege nascentes, melhora a qualidade do ar e contribui para o sequestro de carbono.<\/p>\n<\/li>\n<li data-start=\"4542\" data-end=\"4668\">\n<p data-start=\"4544\" data-end=\"4668\"><strong data-start=\"4544\" data-end=\"4556\">Sociais:<\/strong> pode gerar empregos em projetos de reflorestamento e apoiar comunidades com sistemas produtivos sustent\u00e1veis.<\/p>\n<\/li>\n<li data-start=\"4669\" data-end=\"4799\">\n<p data-start=\"4671\" data-end=\"4799\"><strong data-start=\"4671\" data-end=\"4686\">Econ\u00f4micos:<\/strong> \u00e1reas recuperadas podem ser usadas para agricultura, turismo ecol\u00f3gico e at\u00e9 para novos neg\u00f3cios sustent\u00e1veis.<\/p>\n<\/li>\n<\/ul>\n<p>&nbsp;<\/p>\n<h4 data-start=\"4806\" data-end=\"4821\">Conclus\u00e3o<\/h4>\n<p data-start=\"4822\" data-end=\"5123\">A recupera\u00e7\u00e3o de \u00e1reas degradadas \u00e9 um dos maiores desafios da minera\u00e7\u00e3o, mas tamb\u00e9m uma de suas maiores oportunidades. Ao transformar \u00e1reas exploradas em <strong data-start=\"4977\" data-end=\"5039\">florestas, agroflorestas e espa\u00e7os de produ\u00e7\u00e3o sustent\u00e1vel<\/strong>, o setor mostra que \u00e9 poss\u00edvel gerar valor mesmo ap\u00f3s o fim da atividade mineral.<\/p>\n<p data-start=\"5125\" data-end=\"5414\">Mais do que cumprir obriga\u00e7\u00f5es legais, esses projetos refor\u00e7am o compromisso das mineradoras com a sociedade e com o meio ambiente. S\u00e3o passos fundamentais para que a minera\u00e7\u00e3o seja vista n\u00e3o apenas como uma atividade de extra\u00e7\u00e3o, mas tamb\u00e9m como agente de <strong data-start=\"5382\" data-end=\"5411\">restaura\u00e7\u00e3o e conserva\u00e7\u00e3o<\/strong>.<\/p>[\/et_pb_text][\/et_pb_column][\/et_pb_row][\/et_pb_section][et_pb_section fb_built=&#8221;1&#8243; _builder_version=&#8221;4.27.4&#8243; _module_preset=&#8221;default&#8221; global_colors_info=&#8221;{}&#8221; theme_builder_area=&#8221;post_content&#8221;][et_pb_row _builder_version=&#8221;4.27.4&#8243; _module_preset=&#8221;default&#8221; global_colors_info=&#8221;{}&#8221; theme_builder_area=&#8221;post_content&#8221;][et_pb_column type=&#8221;4_4&#8243; _builder_version=&#8221;4.27.4&#8243; _module_preset=&#8221;default&#8221; global_colors_info=&#8221;{}&#8221; theme_builder_area=&#8221;post_content&#8221;][et_pb_post_nav _builder_version=&#8221;4.27.4&#8243; _module_preset=&#8221;default&#8221; title_font_size=&#8221;20px&#8221; global_colors_info=&#8221;{}&#8221; theme_builder_area=&#8221;post_content&#8221;][\/et_pb_post_nav][\/et_pb_column][\/et_pb_row][\/et_pb_section]\n","protected":false},"excerpt":{"rendered":"<p>Reflorestamento e Agrofloresta: trazendo a biodiversidade de volta ao solo degradado.\u00a0A minera\u00e7\u00e3o, por natureza, modifica profundamente a paisagem. O processo de extra\u00e7\u00e3o envolve a retirada de grandes volumes de solo e vegeta\u00e7\u00e3o, al\u00e9m da constru\u00e7\u00e3o de estruturas como cavas, barragens e pilhas de rejeitos. Isso gera \u00e1reas degradadas, que perdem sua capacidade de regenera\u00e7\u00e3o natural. [&hellip;]<\/p>\n","protected":false},"author":1,"featured_media":177,"comment_status":"open","ping_status":"open","sticky":false,"template":"","format":"standard","meta":{"_et_pb_use_builder":"on","_et_pb_old_content":"","_et_gb_content_width":"2880","footnotes":""},"categories":[8],"tags":[],"class_list":["post-176","post","type-post","status-publish","format-standard","has-post-thumbnail","hentry","category-reflorestamento"],"_links":{"self":[{"href":"https:\/\/fecoominerpara.org\/index.php?rest_route=\/wp\/v2\/posts\/176","targetHints":{"allow":["GET"]}}],"collection":[{"href":"https:\/\/fecoominerpara.org\/index.php?rest_route=\/wp\/v2\/posts"}],"about":[{"href":"https:\/\/fecoominerpara.org\/index.php?rest_route=\/wp\/v2\/types\/post"}],"author":[{"embeddable":true,"href":"https:\/\/fecoominerpara.org\/index.php?rest_route=\/wp\/v2\/users\/1"}],"replies":[{"embeddable":true,"href":"https:\/\/fecoominerpara.org\/index.php?rest_route=%2Fwp%2Fv2%2Fcomments&post=176"}],"version-history":[{"count":3,"href":"https:\/\/fecoominerpara.org\/index.php?rest_route=\/wp\/v2\/posts\/176\/revisions"}],"predecessor-version":[{"id":181,"href":"https:\/\/fecoominerpara.org\/index.php?rest_route=\/wp\/v2\/posts\/176\/revisions\/181"}],"wp:featuredmedia":[{"embeddable":true,"href":"https:\/\/fecoominerpara.org\/index.php?rest_route=\/wp\/v2\/media\/177"}],"wp:attachment":[{"href":"https:\/\/fecoominerpara.org\/index.php?rest_route=%2Fwp%2Fv2%2Fmedia&parent=176"}],"wp:term":[{"taxonomy":"category","embeddable":true,"href":"https:\/\/fecoominerpara.org\/index.php?rest_route=%2Fwp%2Fv2%2Fcategories&post=176"},{"taxonomy":"post_tag","embeddable":true,"href":"https:\/\/fecoominerpara.org\/index.php?rest_route=%2Fwp%2Fv2%2Ftags&post=176"}],"curies":[{"name":"wp","href":"https:\/\/api.w.org\/{rel}","templated":true}]}}